{"id":387628,"date":"2025-06-05T21:39:25","date_gmt":"2025-06-05T20:39:25","guid":{"rendered":"https:\/\/www.lelystadairport.nl\/?p=387628"},"modified":"2025-08-29T12:40:10","modified_gmt":"2025-08-29T11:40:10","slug":"jinc-baas-van-morgen-2","status":"publish","type":"post","link":"https:\/\/www.lelystadairport.nl\/jinc-baas-van-morgen-2\/","title":{"rendered":"JINC Baas van Morgen"},"content":{"rendered":"<p>5 juni 2025 | Wat gebeurt er als je een 14-jarige voor \u00e9\u00e9n dag de leiding geeft over Lelystad Airport? Dan krijg je frisse idee\u00ebn, eerlijke vragen en een blik op de toekomst die je aan het denken zet.<\/p>\n<p>Afgelopen week deden wij mee aan JINC Baas van Morgen \u2013 een initiatief dat jongeren de kans geeft om voor \u00e9\u00e9n dag in de schoenen te staan van een directeur of CEO.<\/p>\n<p>Onze Baas van Morgen was Demi. Haar dag begon met een gezamenlijk ontbijt, georganiseerd door JINC, samen met onze CEO <a id=\"ember429\" class=\"ember-view\" href=\"https:\/\/www.lelystadairport.nl\/over-ons\/lelystad-airport-ceo\/\">Jan Eerkens<\/a> en de andere deelnemende \u2018bazen van morgen\u2019. Daarna ging Demi aan de slag op Lelystad Airport. Ze sprak uitgebreid met Jan over de toekomst van de luchthaven en kreeg een compleet beeld van wat er allemaal bij het runnen van een luchthaven komt kijken.<\/p>\n<p>Zo:<br \/>\n\ud83d\udc69\u200d\ud83d\ude92 liep ze mee met onze brandweer,<br \/>\n\ud83d\udeeb ging ze op pad met de operationele dienst voor o.a. een baaninspectie,<br \/>\n\ud83e\udd1d en ontmoette ze collega\u2019s uit verschillende teams.<\/p>\n<p>Wij geloven dat talent niet bepaald wordt door waar je vandaan komt, maar door wat je kunt \u00e9n durft. Als regionale werkgever voelen we ons sterk verbonden met de samenleving om ons heen. Door jongeren actief te betrekken en perspectief te bieden, willen we bijdragen aan gelijke kansen voor iedereen.<\/p>\n<p>Dit doen we onder meer ook door een ROC-locatie op onze luchthaven te openen, zodra we starten met passagiersvluchten. Zo kunnen jongeren op dezelfde plek leren \u00e9n werkervaring opdoen, midden in de praktijk.<\/p>\n<p>Dank aan <a class=\"EkCsQSuJxzMZNluNOEzuUuwsMKFEsFdJbM \" tabindex=\"0\" href=\"https:\/\/www.jinc.nl\" target=\"_self\" data-test-app-aware-link=\"\" rel=\"noopener\">JINC<\/a> voor dit inspirerende programma, en natuurlijk aan Demi voor haar enthousiasme en lef!<\/p>\n","protected":false},"excerpt":{"rendered":"<p>5 juni 2025 | Wat gebeurt er als je een 14-jarige voor \u00e9\u00e9n dag de leiding geeft over Lelystad Airport? Dan krijg je frisse idee\u00ebn, eerlijke vragen en een blik op de toekomst die je aan het denken zet. Afgelopen week deden wij mee aan JINC Baas van Morgen \u2013 een initiatief dat jongeren de [&hellip;]<\/p>\n","protected":false},"author":19,"featured_media":387627,"comment_status":"closed","ping_status":"closed","sticky":false,"template":"","format":"standard","meta":{"_acf_changed":false,"_et_pb_use_builder":"","_et_pb_old_content":"","_et_gb_content_width":"","footnotes":""},"categories":[75],"tags":[],"class_list":["post-387628","post","type-post","status-publish","format-standard","has-post-thumbnail","hentry","category-overall"],"acf":[],"_links":{"self":[{"href":"https:\/\/www.lelystadairport.nl\/en\/wp-json\/wp\/v2\/posts\/387628","targetHints":{"allow":["GET"]}}],"collection":[{"href":"https:\/\/www.lelystadairport.nl\/en\/wp-json\/wp\/v2\/posts"}],"about":[{"href":"https:\/\/www.lelystadairport.nl\/en\/wp-json\/wp\/v2\/types\/post"}],"author":[{"embeddable":true,"href":"https:\/\/www.lelystadairport.nl\/en\/wp-json\/wp\/v2\/users\/19"}],"replies":[{"embeddable":true,"href":"https:\/\/www.lelystadairport.nl\/en\/wp-json\/wp\/v2\/comments?post=387628"}],"version-history":[{"count":1,"href":"https:\/\/www.lelystadairport.nl\/en\/wp-json\/wp\/v2\/posts\/387628\/revisions"}],"predecessor-version":[{"id":387630,"href":"https:\/\/www.lelystadairport.nl\/en\/wp-json\/wp\/v2\/posts\/387628\/revisions\/387630"}],"wp:featuredmedia":[{"embeddable":true,"href":"https:\/\/www.lelystadairport.nl\/en\/wp-json\/wp\/v2\/media\/387627"}],"wp:attachment":[{"href":"https:\/\/www.lelystadairport.nl\/en\/wp-json\/wp\/v2\/media?parent=387628"}],"wp:term":[{"taxonomy":"category","embeddable":true,"href":"https:\/\/www.lelystadairport.nl\/en\/wp-json\/wp\/v2\/categories?post=387628"},{"taxonomy":"post_tag","embeddable":true,"href":"https:\/\/www.lelystadairport.nl\/en\/wp-json\/wp\/v2\/tags?post=387628"}],"curies":[{"name":"wp","href":"https:\/\/api.w.org\/{rel}","templated":true}]}}